{"id":605,"date":"2022-10-17T09:49:01","date_gmt":"2022-10-17T07:49:01","guid":{"rendered":"https:\/\/www.apdengrenoble.org\/?p=605"},"modified":"2022-10-18T23:12:25","modified_gmt":"2022-10-18T21:12:25","slug":"formation-et-reflexions-sur-les-donnees-personnelles","status":"publish","type":"post","link":"https:\/\/www.apdengrenoble.org\/index.php\/2022\/10\/17\/formation-et-reflexions-sur-les-donnees-personnelles\/","title":{"rendered":"Formation et r\u00e9flexions sur les donn\u00e9es personnelles"},"content":{"rendered":"\n<p><\/p>\n\n\n\n<p>Le deuxi\u00e8me \u00e9v\u00e8nement de cette fin d&rsquo;ann\u00e9e aura lieu<strong> lundi 28 novembre<\/strong> autour des donn\u00e9es personnelles.<\/p>\n\n\n\n<p>Dans la continuit\u00e9 de nos derni\u00e8res formations \u00e0 distance&nbsp;sur l&rsquo;esprit critique, de juin 2021, le bureau de l\u2019APDEN Grenoble vous propose cette ann\u00e9e un temps de r\u00e9flexion autour des donn\u00e9es personnelles: comment et pourquoi les prot\u00e9ger ? Comment sensibiliser nos \u00e9l\u00e8ves ?<\/p>\n\n\n\n<p>Avec les interventions de Mme. Chatelier-Mondaz et M. Vincent (CANOPE) et de M. Bruillard, chercheur \u00e0 l&rsquo;Universit\u00e9 de Paris.<\/p>\n\n\n\n<p>Programme et inscriptions :<\/p>\n\n\n\n<p><a href=\"https:\/\/framaforms.org\/inscription-a-la-formation-organisee-par-lapden-academie-de-grenoble-le-281122-1664381107\">https:\/\/framaforms.org\/inscription-a-la-formation-organisee-par-lapden-academie-de-grenoble-le-281122-1664381107<\/a> <\/p>\n\n\n\n<p>Cette formation n\u2019\u00e9tant pas inscrite au PAF, nous avons sollicit\u00e9 nos IPR afin qu&rsquo;ils interviennent aupr\u00e8s de nos chefs d&rsquo;\u00e9tablissement pour les encourager \u00e0 nous donner leur accord pour suivre cette visio. Des attestations de pr\u00e9sence seront d\u00e9livr\u00e9es.<\/p>\n\n\n\n<p>Nous vous communiquerons le lien vers la visio ult\u00e9rieurement.<\/p>\n","protected":false},"excerpt":{"rendered":"<p>Le deuxi\u00e8me \u00e9v\u00e8nement de cette fin d&rsquo;ann\u00e9e aura lieu lundi 28 novembre autour des donn\u00e9es personnelles. Dans la continuit\u00e9 de nos derni\u00e8res formations \u00e0 distance&nbsp;sur l&rsquo;esprit critique, de juin 2021, le bureau de l\u2019APDEN Grenoble vous propose cette ann\u00e9e un temps de r\u00e9flexion autour des donn\u00e9es personnelles: comment et pourquoi les prot\u00e9ger ? Comment sensibiliser &#8230; <a title=\"Formation et r\u00e9flexions sur les donn\u00e9es personnelles\" class=\"read-more\" href=\"https:\/\/www.apdengrenoble.org\/index.php\/2022\/10\/17\/formation-et-reflexions-sur-les-donnees-personnelles\/\" aria-label=\"En savoir plus sur Formation et r\u00e9flexions sur les donn\u00e9es personnelles\">Lire la suite<\/a><\/p>\n","protected":false},"author":1,"featured_media":611,"comment_status":"open","ping_status":"open","sticky":false,"template":"","format":"standard","meta":{"spay_email":"","footnotes":""},"categories":[16],"tags":[],"class_list":["post-605","post","type-post","status-publish","format-standard","has-post-thumbnail","hentry","category-actualite"],"jetpack_featured_media_url":"https:\/\/i2.wp.com\/www.apdengrenoble.org\/wp-content\/uploads\/2022\/10\/apden-donnees-main.jpg?fit=1920%2C1080&ssl=1","_links":{"self":[{"href":"https:\/\/www.apdengrenoble.org\/index.php\/wp-json\/wp\/v2\/posts\/605","targetHints":{"allow":["GET"]}}],"collection":[{"href":"https:\/\/www.apdengrenoble.org\/index.php\/wp-json\/wp\/v2\/posts"}],"about":[{"href":"https:\/\/www.apdengrenoble.org\/index.php\/wp-json\/wp\/v2\/types\/post"}],"author":[{"embeddable":true,"href":"https:\/\/www.apdengrenoble.org\/index.php\/wp-json\/wp\/v2\/users\/1"}],"replies":[{"embeddable":true,"href":"https:\/\/www.apdengrenoble.org\/index.php\/wp-json\/wp\/v2\/comments?post=605"}],"version-history":[{"count":6,"href":"https:\/\/www.apdengrenoble.org\/index.php\/wp-json\/wp\/v2\/posts\/605\/revisions"}],"predecessor-version":[{"id":613,"href":"https:\/\/www.apdengrenoble.org\/index.php\/wp-json\/wp\/v2\/posts\/605\/revisions\/613"}],"wp:featuredmedia":[{"embeddable":true,"href":"https:\/\/www.apdengrenoble.org\/index.php\/wp-json\/wp\/v2\/media\/611"}],"wp:attachment":[{"href":"https:\/\/www.apdengrenoble.org\/index.php\/wp-json\/wp\/v2\/media?parent=605"}],"wp:term":[{"taxonomy":"category","embeddable":true,"href":"https:\/\/www.apdengrenoble.org\/index.php\/wp-json\/wp\/v2\/categories?post=605"},{"taxonomy":"post_tag","embeddable":true,"href":"https:\/\/www.apdengrenoble.org\/index.php\/wp-json\/wp\/v2\/tags?post=605"}],"curies":[{"name":"wp","href":"https:\/\/api.w.org\/{rel}","templated":true}]}}