{"id":552,"date":"2021-05-18T18:55:00","date_gmt":"2021-05-18T16:55:00","guid":{"rendered":"https:\/\/www.apdengrenoble.org\/?p=552"},"modified":"2021-05-18T20:25:27","modified_gmt":"2021-05-18T18:25:27","slug":"mercredis-esprit-critique","status":"publish","type":"post","link":"https:\/\/www.apdengrenoble.org\/index.php\/2021\/05\/18\/mercredis-esprit-critique\/","title":{"rendered":"Formations \u00e0 l&rsquo;esprit critique en juin"},"content":{"rendered":"\n<p>\u00c0 l&rsquo;heure o\u00f9 politiques et monde m\u00e9diatique enjoignent l\u2019\u00c9cole \u00e0 enseigner l&rsquo;esprit critique, notre envie de construction d&rsquo;une formation \u00e0 l&rsquo;esprit critique prend tout son sens.<br>Sous la forme de minis \u00ab\u00a0journ\u00e9es acad\u00e9miques\u00a0\u00bb en juin, en distanciel, nous concentrerons nos forces cette ann\u00e9e sur l&rsquo;approfondissement des biais cognitifs : mieux les conna\u00eetre pour pouvoir les enseigner.<\/p>\n\n\n\n<p>La th\u00e9matique de la formation \u00e0 l&rsquo;esprit critique \u00e9tant tr\u00e8s vaste, nous envisageons de poursuivre ce fil rouge pour l&rsquo;ann\u00e9e scolaire prochaine si ce th\u00e8me vous tient \u00e0 c\u0153ur, autant qu&rsquo;\u00e0 nous.<\/p>\n\n\n\n<p>Ces rendez-vous sont ouverts \u00e0 tous les professeur.e.s documentalistes de l&rsquo;acad\u00e9mie. Ils sont gratuits et modulables (vous pouvez suivre 1, 2 ou les 3 modules).<br>Les 3 sessions auront lieu les <strong>2, 9 et 16<\/strong><strong> <\/strong><strong>juin<\/strong>, de 14h \u00e0 16h00, en ligne. Elles s&rsquo;organiseront selon la trame suivante :<\/p>\n\n\n\n<ul class=\"wp-block-list\"><li>14h-15h : Intervention suivie d&rsquo;un \u00e9change entre conf\u00e9renciers et participants.<\/li><li>15h-16h : Atelier pratique o\u00f9 nous r\u00e9fl\u00e9chirons ensemble \u00e0 la transposition dans nos \u00e9tablissements scolaires du contenu abord\u00e9 par nos intervenants .<\/li><\/ul>\n\n\n\n<p>Nos 3 invit\u00e9s sont <strong>Thomas Durand<\/strong>, vid\u00e9aste et r\u00e9alisateur de La cha\u00eene Youtube La Tronche en Biais,<strong>Laurine Buchier<\/strong>, enseignante en psychologie cognitive ainsi que <strong>Denis Caroti<\/strong>, professeur certifi\u00e9 en Physique Chimie et formateur \u00ab\u00a0Esprit Critique\u00a0\u00bb. Plus de d\u00e9tails dans le programme ci-dessous.<\/p>\n\n\n\n<p>Vous pouvez encore vous inscrire en suivant ce lien : <a href=\"https:\/\/framaforms.org\/inscription-aux-mercredis-de-lesprit-critique-1617811987\">https:\/\/framaforms.org\/inscription-aux-mercredis-de-lesprit-critique-1617811987<\/a>&nbsp;.<\/p>\n\n\n\n<div class=\"wp-block-file\"><a href=\"http:\/\/www.apdengrenoble.org\/wp-content\/uploads\/2021\/05\/formations-APDEN.pdf\">formations APDEN<\/a><a href=\"http:\/\/www.apdengrenoble.org\/wp-content\/uploads\/2021\/05\/formations-APDEN.pdf\" class=\"wp-block-file__button\" download>T\u00e9l\u00e9charger<\/a><\/div>\n\n\n\n<figure class=\"wp-block-embed-pdf-viewer-pdf wp-block-embed-pdf-viewer-pdf__content-wrapper aligncenter\"><object class=\"embed-pdf-viewer\" data=\"http:\/\/www.apdengrenoble.org\/wp-content\/uploads\/2021\/05\/formations-APDEN.pdf#scrollbar=1&amp;toolbar=1\" type=\"application\/pdf\" height=\"600\" width=\"600\" title=\"\"><\/object><iframe loading=\"lazy\" class=\"embed-pdf-viewer\" src=\"https:\/\/docs.google.com\/viewer?url=http%3A%2F%2Fwww.apdengrenoble.org%2Fwp-content%2Fuploads%2F2021%2F05%2Fformations-APDEN.pdf&amp;embedded=true\" frameborder=\"0\" height=\"600\" width=\"600\" title=\"\"><\/iframe><\/figure>\n","protected":false},"excerpt":{"rendered":"<p>\u00c0 l&rsquo;heure o\u00f9 politiques et monde m\u00e9diatique enjoignent l\u2019\u00c9cole \u00e0 enseigner l&rsquo;esprit critique, notre envie de construction d&rsquo;une formation \u00e0 l&rsquo;esprit critique prend tout son sens.Sous la forme de minis \u00ab\u00a0journ\u00e9es acad\u00e9miques\u00a0\u00bb en juin, en distanciel, nous concentrerons nos forces cette ann\u00e9e sur l&rsquo;approfondissement des biais cognitifs : mieux les conna\u00eetre pour pouvoir les enseigner. &#8230; <a title=\"Formations \u00e0 l&rsquo;esprit critique en juin\" class=\"read-more\" href=\"https:\/\/www.apdengrenoble.org\/index.php\/2021\/05\/18\/mercredis-esprit-critique\/\" aria-label=\"En savoir plus sur Formations \u00e0 l&rsquo;esprit critique en juin\">Lire la suite<\/a><\/p>\n","protected":false},"author":1,"featured_media":0,"comment_status":"open","ping_status":"open","sticky":false,"template":"","format":"standard","meta":{"spay_email":"","footnotes":""},"categories":[2,18],"tags":[],"class_list":["post-552","post","type-post","status-publish","format-standard","hentry","category-academie","category-formations"],"jetpack_featured_media_url":"","_links":{"self":[{"href":"https:\/\/www.apdengrenoble.org\/index.php\/wp-json\/wp\/v2\/posts\/552","targetHints":{"allow":["GET"]}}],"collection":[{"href":"https:\/\/www.apdengrenoble.org\/index.php\/wp-json\/wp\/v2\/posts"}],"about":[{"href":"https:\/\/www.apdengrenoble.org\/index.php\/wp-json\/wp\/v2\/types\/post"}],"author":[{"embeddable":true,"href":"https:\/\/www.apdengrenoble.org\/index.php\/wp-json\/wp\/v2\/users\/1"}],"replies":[{"embeddable":true,"href":"https:\/\/www.apdengrenoble.org\/index.php\/wp-json\/wp\/v2\/comments?post=552"}],"version-history":[{"count":10,"href":"https:\/\/www.apdengrenoble.org\/index.php\/wp-json\/wp\/v2\/posts\/552\/revisions"}],"predecessor-version":[{"id":567,"href":"https:\/\/www.apdengrenoble.org\/index.php\/wp-json\/wp\/v2\/posts\/552\/revisions\/567"}],"wp:attachment":[{"href":"https:\/\/www.apdengrenoble.org\/index.php\/wp-json\/wp\/v2\/media?parent=552"}],"wp:term":[{"taxonomy":"category","embeddable":true,"href":"https:\/\/www.apdengrenoble.org\/index.php\/wp-json\/wp\/v2\/categories?post=552"},{"taxonomy":"post_tag","embeddable":true,"href":"https:\/\/www.apdengrenoble.org\/index.php\/wp-json\/wp\/v2\/tags?post=552"}],"curies":[{"name":"wp","href":"https:\/\/api.w.org\/{rel}","templated":true}]}}