{"id":508,"date":"2020-05-05T18:06:00","date_gmt":"2020-05-05T16:06:00","guid":{"rendered":"http:\/\/www.apdengrenoble.org\/?p=508"},"modified":"2020-11-11T18:08:03","modified_gmt":"2020-11-11T17:08:03","slug":"crise-covid-19-reouverture-des-etablissements-recommandations-pour-les-cdi-communique-apden-grenoble-sur-la-base-dun-travail-inter-academique","status":"publish","type":"post","link":"https:\/\/www.apdengrenoble.org\/index.php\/2020\/05\/05\/crise-covid-19-reouverture-des-etablissements-recommandations-pour-les-cdi-communique-apden-grenoble-sur-la-base-dun-travail-inter-academique\/","title":{"rendered":"Crise Covid-19 : r\u00e9ouverture des \u00e9tablissements : recommandations pour les CDI (communiqu\u00e9 Apden Grenoble sur la base d\u2019un travail inter-acad\u00e9mique)"},"content":{"rendered":"\n<h5 class=\"has-normal-font-size wp-block-heading\">A l\u2019annonce d\u2019une sortie de ce confinement, beaucoup de questions ont \u00e9merg\u00e9 au sein de la profession, non sans certaines craintes tout \u00e0 fait fond\u00e9es. Plusieurs de ces pr\u00e9occupations recoupent celles d\u00e9j\u00e0 exprim\u00e9es dans le <a href=\"https:\/\/enseignants.se-unsa.org\/IMG\/UserFiles\/Files\/CP_intersyndical_parents_lyceens_11mai.pdf\">courrier interf\u00e9d\u00e9ral<\/a> adress\u00e9 le 17 avril au Ministre\u00a0; l\u2019Association des Professeurs Documentalistes de l\u2019\u00c9ducation Nationale Acad\u00e9mie de Grenoble (APDEN Grenoble) souscrit pleinement \u00e0 l\u2019exigence, exprim\u00e9e par ce biais par l\u2019inter-syndicale, de voir strictement respect\u00e9es les pr\u00e9conisations sanitaires \u00e0 m\u00eame de garantir la protection de toutes et tous ainsi qu\u2019\u00e0 la liste dress\u00e9e, dans ce m\u00eame document, des conditions sine qua non \u00e0 la reprise. En l\u2019absence de recommandations officielles sp\u00e9cifiques au CDI, l\u2019APDEN Grenoble propose ce communiqu\u00e9 \u2013 \u00e9labor\u00e9 sur la base d\u2019un travail inter-acad\u00e9mique \u2013 afin d\u2019aider les professeurs documentalistes dans la phase de r\u00e9-ouverture des \u00e9tablissements.<\/h5>\n\n\n\n<p><a href=\"https:\/\/apdengrenoble.files.wordpress.com\/2020\/05\/communiqueapdengrenoble_crisecovid.pdf\">CommuniqueApdenGrenoble_CriseCovid<\/a><\/p>\n","protected":false},"excerpt":{"rendered":"<p>A l\u2019annonce d\u2019une sortie de ce confinement, beaucoup de questions ont \u00e9merg\u00e9 au sein de la profession, non sans certaines craintes tout \u00e0 fait fond\u00e9es. Plusieurs de ces pr\u00e9occupations recoupent celles d\u00e9j\u00e0 exprim\u00e9es dans le courrier interf\u00e9d\u00e9ral adress\u00e9 le 17 avril au Ministre\u00a0; l\u2019Association des Professeurs Documentalistes de l\u2019\u00c9ducation Nationale Acad\u00e9mie de Grenoble (APDEN Grenoble) &#8230; <a title=\"Crise Covid-19 : r\u00e9ouverture des \u00e9tablissements : recommandations pour les CDI (communiqu\u00e9 Apden Grenoble sur la base d\u2019un travail inter-acad\u00e9mique)\" class=\"read-more\" href=\"https:\/\/www.apdengrenoble.org\/index.php\/2020\/05\/05\/crise-covid-19-reouverture-des-etablissements-recommandations-pour-les-cdi-communique-apden-grenoble-sur-la-base-dun-travail-inter-academique\/\" aria-label=\"En savoir plus sur Crise Covid-19 : r\u00e9ouverture des \u00e9tablissements : recommandations pour les CDI (communiqu\u00e9 Apden Grenoble sur la base d\u2019un travail inter-acad\u00e9mique)\">Lire la suite<\/a><\/p>\n","protected":false},"author":1,"featured_media":0,"comment_status":"open","ping_status":"open","sticky":false,"template":"","format":"standard","meta":{"spay_email":"","footnotes":""},"categories":[1],"tags":[],"class_list":["post-508","post","type-post","status-publish","format-standard","hentry","category-non-classe"],"jetpack_featured_media_url":"","_links":{"self":[{"href":"https:\/\/www.apdengrenoble.org\/index.php\/wp-json\/wp\/v2\/posts\/508","targetHints":{"allow":["GET"]}}],"collection":[{"href":"https:\/\/www.apdengrenoble.org\/index.php\/wp-json\/wp\/v2\/posts"}],"about":[{"href":"https:\/\/www.apdengrenoble.org\/index.php\/wp-json\/wp\/v2\/types\/post"}],"author":[{"embeddable":true,"href":"https:\/\/www.apdengrenoble.org\/index.php\/wp-json\/wp\/v2\/users\/1"}],"replies":[{"embeddable":true,"href":"https:\/\/www.apdengrenoble.org\/index.php\/wp-json\/wp\/v2\/comments?post=508"}],"version-history":[{"count":1,"href":"https:\/\/www.apdengrenoble.org\/index.php\/wp-json\/wp\/v2\/posts\/508\/revisions"}],"predecessor-version":[{"id":509,"href":"https:\/\/www.apdengrenoble.org\/index.php\/wp-json\/wp\/v2\/posts\/508\/revisions\/509"}],"wp:attachment":[{"href":"https:\/\/www.apdengrenoble.org\/index.php\/wp-json\/wp\/v2\/media?parent=508"}],"wp:term":[{"taxonomy":"category","embeddable":true,"href":"https:\/\/www.apdengrenoble.org\/index.php\/wp-json\/wp\/v2\/categories?post=508"},{"taxonomy":"post_tag","embeddable":true,"href":"https:\/\/www.apdengrenoble.org\/index.php\/wp-json\/wp\/v2\/tags?post=508"}],"curies":[{"name":"wp","href":"https:\/\/api.w.org\/{rel}","templated":true}]}}