{"id":495,"date":"2016-12-02T19:00:41","date_gmt":"2016-12-02T18:00:41","guid":{"rendered":"http:\/\/www.apdengrenoble.org\/?p=495"},"modified":"2020-11-02T19:01:34","modified_gmt":"2020-11-02T18:01:34","slug":"renaissance-du-bureau-academique","status":"publish","type":"post","link":"https:\/\/www.apdengrenoble.org\/index.php\/2016\/12\/02\/renaissance-du-bureau-academique\/","title":{"rendered":"Renaissance du bureau acad\u00e9mique"},"content":{"rendered":"\n<p>Suite \u00e0 l&rsquo;\u00e9lection du nouveau bureau de l&rsquo;APDEN Grenoble, \u00e0 l&rsquo;occasion de l&rsquo;assembl\u00e9e g\u00e9n\u00e9rale de novembre 2016, une volont\u00e9 de relancer les projets voit le jour.<\/p>\n\n\n\n<p>C&rsquo;est sur l&rsquo;ensemble de nos conditions de travail, sur nos \u00e9vidents besoins de formation, sur nos place et implication dans la r\u00e9forme de l&rsquo;Ecole que nous souhaitons porter notre r\u00e9flexion et notre action pour les relayer aupr\u00e8s de l&rsquo;institution et des partenaires syndicaux dans un dialogue que nous voulons constructif.<\/p>\n\n\n\n<p>Adh\u00e9rer \u00e0 l&rsquo;APDEN Grenoble, c&rsquo;est aider la profession \u00e0 n\u00e9gocier ce nouveau virage d\u00e9licat ; c&rsquo;est aussi rendre la voix de l&rsquo;association audible et cr\u00e9dible.<\/p>\n\n\n\n<p>Nous comptons sur vous, que vous soyez professeur-e documentaliste en \u00e9tablissement, formateur-trice, charg\u00e9-e de mission, en d\u00e9tachement&#8230;<\/p>\n\n\n\n<p>Associativement v\u00f4tre&#8230;<br>Le bureau de l&rsquo;APDEN Grenoble<\/p>\n\n\n\n<p><a href=\"https:\/\/apdengrenoble.files.wordpress.com\/2019\/01\/adhesion-APDEN-Grenoble-2019.pdf\" target=\"_blank\" rel=\"noreferrer noopener\">Bulletin d&rsquo;adh\u00e9sion APDEN Grenoble 2019<\/a><\/p>\n","protected":false},"excerpt":{"rendered":"<p>Suite \u00e0 l&rsquo;\u00e9lection du nouveau bureau de l&rsquo;APDEN Grenoble, \u00e0 l&rsquo;occasion de l&rsquo;assembl\u00e9e g\u00e9n\u00e9rale de novembre 2016, une volont\u00e9 de relancer les projets voit le jour. C&rsquo;est sur l&rsquo;ensemble de nos conditions de travail, sur nos \u00e9vidents besoins de formation, sur nos place et implication dans la r\u00e9forme de l&rsquo;Ecole que nous souhaitons porter notre &#8230; <a title=\"Renaissance du bureau acad\u00e9mique\" class=\"read-more\" href=\"https:\/\/www.apdengrenoble.org\/index.php\/2016\/12\/02\/renaissance-du-bureau-academique\/\" aria-label=\"En savoir plus sur Renaissance du bureau acad\u00e9mique\">Lire la suite<\/a><\/p>\n","protected":false},"author":1,"featured_media":0,"comment_status":"open","ping_status":"open","sticky":false,"template":"","format":"standard","meta":{"spay_email":"","footnotes":""},"categories":[16],"tags":[],"class_list":["post-495","post","type-post","status-publish","format-standard","hentry","category-actualite"],"jetpack_featured_media_url":"","_links":{"self":[{"href":"https:\/\/www.apdengrenoble.org\/index.php\/wp-json\/wp\/v2\/posts\/495","targetHints":{"allow":["GET"]}}],"collection":[{"href":"https:\/\/www.apdengrenoble.org\/index.php\/wp-json\/wp\/v2\/posts"}],"about":[{"href":"https:\/\/www.apdengrenoble.org\/index.php\/wp-json\/wp\/v2\/types\/post"}],"author":[{"embeddable":true,"href":"https:\/\/www.apdengrenoble.org\/index.php\/wp-json\/wp\/v2\/users\/1"}],"replies":[{"embeddable":true,"href":"https:\/\/www.apdengrenoble.org\/index.php\/wp-json\/wp\/v2\/comments?post=495"}],"version-history":[{"count":1,"href":"https:\/\/www.apdengrenoble.org\/index.php\/wp-json\/wp\/v2\/posts\/495\/revisions"}],"predecessor-version":[{"id":497,"href":"https:\/\/www.apdengrenoble.org\/index.php\/wp-json\/wp\/v2\/posts\/495\/revisions\/497"}],"wp:attachment":[{"href":"https:\/\/www.apdengrenoble.org\/index.php\/wp-json\/wp\/v2\/media?parent=495"}],"wp:term":[{"taxonomy":"category","embeddable":true,"href":"https:\/\/www.apdengrenoble.org\/index.php\/wp-json\/wp\/v2\/categories?post=495"},{"taxonomy":"post_tag","embeddable":true,"href":"https:\/\/www.apdengrenoble.org\/index.php\/wp-json\/wp\/v2\/tags?post=495"}],"curies":[{"name":"wp","href":"https:\/\/api.w.org\/{rel}","templated":true}]}}